[{"@context":"https:\/\/schema.org\/","@type":"Article","@id":"https:\/\/www.finstra.cz\/nedostatek-remeslniku-elektrikaru\/#Article","mainEntityOfPage":"https:\/\/www.finstra.cz\/nedostatek-remeslniku-elektrikaru\/","headline":"Nedostatek \u0159emesln\u00edk\u016f \u2013 elektrik\u00e1\u0159\u016f","name":"Nedostatek \u0159emesln\u00edk\u016f \u2013 elektrik\u00e1\u0159\u016f","description":"V\u011bt\u0161ina firem podnikaj\u00edc\u00edch ve stavebnictv\u00ed se pot\u00fdk\u00e1 n\u011bkdy a\u017e s ne\u0159e\u0161iteln\u00fdm probl\u00e9mem \u2013 nedostatkem kvalifikovan\u00fdch \u0159emesln\u00edk\u016f, elektrik\u00e1\u0159\u016f. Nutno podotknout, \u017ee v\u011bkov\u00fd pr\u016fm\u011br \u0159emesln\u00edk\u016f se celkov\u011b pohybuje kolem pades\u00e1ti let a v\u00fd\u0161e. Pak n\u00e1sleduje propast, chyb\u00ed dostatek pokra\u010dovatel\u016f. Z druh\u00e9 strany pak postupn\u011b odch\u00e1zej\u00ed mist\u0159i \u0159emesla, kte\u0159\u00ed by mohli p\u0159ed\u00e1vat dlouhodob\u011b prax\u00ed nabyt\u00e9 zku\u0161enosti. &#13; D\u016fvod\u016f...","datePublished":"2019-09-10","dateModified":"2023-06-13","author":{"@type":"Person","@id":"https:\/\/www.finstra.cz\/author\/#Person","name":"","url":"https:\/\/www.finstra.cz\/author\/","identifier":1,"image":{"@type":"ImageObject","@id":"https:\/\/secure.gravatar.com\/avatar\/b72fc1bf1bf254b4118ef99c1da35a199f5a8e7c33c2166eae92618994df57ea?s=96&d=mm&r=g","url":"https:\/\/secure.gravatar.com\/avatar\/b72fc1bf1bf254b4118ef99c1da35a199f5a8e7c33c2166eae92618994df57ea?s=96&d=mm&r=g","height":96,"width":96}},"publisher":{"@type":"Organization","name":"finstra.cz","logo":{"@type":"ImageObject","@id":"\/logo.png","url":"\/logo.png","width":600,"height":60}},"image":{"@type":"ImageObject","@id":"https:\/\/www.finstra.cz\/wp-content\/uploads\/img_a354572_w3242_t1569220580.jpg","url":"https:\/\/www.finstra.cz\/wp-content\/uploads\/img_a354572_w3242_t1569220580.jpg","height":0,"width":0},"url":"https:\/\/www.finstra.cz\/nedostatek-remeslniku-elektrikaru\/","about":["Elektro"],"wordCount":408,"articleBody":" V\u011bt\u0161ina firem podnikaj\u00edc\u00edch ve stavebnictv\u00ed se pot\u00fdk\u00e1 n\u011bkdy a\u017e s ne\u0159e\u0161iteln\u00fdm probl\u00e9mem \u2013 nedostatkem kvalifikovan\u00fdch \u0159emesln\u00edk\u016f, elektrik\u00e1\u0159\u016f. Nutno podotknout, \u017ee v\u011bkov\u00fd pr\u016fm\u011br \u0159emesln\u00edk\u016f se celkov\u011b pohybuje kolem pades\u00e1ti let a v\u00fd\u0161e. Pak n\u00e1sleduje propast, chyb\u00ed dostatek pokra\u010dovatel\u016f. Z druh\u00e9 strany pak postupn\u011b odch\u00e1zej\u00ed mist\u0159i \u0159emesla, kte\u0159\u00ed by mohli p\u0159ed\u00e1vat dlouhodob\u011b prax\u00ed nabyt\u00e9 zku\u0161enosti.&#13; D\u016fvod\u016f je hned n\u011bkolik:&#13; &#13; a) \u017e\u00e1k\u016f z\u00e1kladn\u00edch \u0161kol vych\u00e1z\u00ed m\u00e9n\u011b, ne\u017e je celkov\u00e1 nab\u00eddka m\u00edst ve st\u0159edn\u00edch \u0161kol\u00e1ch&#13; &#13; b) popt\u00e1vka je p\u0159edev\u0161\u00edm po gymnazi\u00e1ln\u00edch studi\u00edch&#13; &#13; c) teprve pot\u00e9 se pln\u00ed odborn\u00e9 st\u0159edn\u00ed \u0161koly, kter\u00e9 nab\u00edzej\u00ed \u010dty\u0159let\u00e9, tedy maturitn\u00ed, studium. Nutno podotknout, \u017ee kolikr\u00e1te ani ty nenapln\u00ed nab\u00edzen\u00fd po\u010det \u017e\u00e1k\u016f&#13; &#13; d) a\u017e v posledn\u00ed linii jsou \u017e\u00e1ky z\u00e1kladn\u00edch \u0161kol prim\u00e1rn\u011b popt\u00e1van\u00e1 t\u0159\u00edlet\u00e1 st\u0159edn\u00ed odborn\u00e1 u\u010dili\u0161t\u011b, kde absolvent z\u00edsk\u00e1 \u201epouze\u201c v\u00fdu\u010dn\u00ed list&#13; &#13; Jak je tristn\u00ed sledovat tak \u017ealostn\u011b n\u00edzk\u00fd z\u00e1jem mlad\u00fdch lid\u00ed o stavebn\u00ed prvov\u00fdrobu a obory s n\u00ed souvisej\u00edc\u00ed. Pova\u017euji za nutn\u00e9 podotknout, \u017ee o pozn\u00e1n\u00ed lep\u0161\u00ed situace je u tzv. such\u00fdch profes\u00ed, nap\u0159. s\u00e1drokarton\u00e1\u0159\u016f. Ale ani zde po\u010det lid\u00ed, kte\u0159\u00ed z\u00edskali v\u00fdu\u010dn\u00ed list a odch\u00e1zej\u00ed tedy ze st\u0159edn\u00edch odborn\u00fdch u\u010dili\u0161\u0165, nen\u00ed dosta\u010duj\u00edc\u00ed.&#13; &#13; Z\u00e1v\u011br:&#13; &#13; \u00b7 snad by pomohla kvalitn\u011bj\u0161\u00ed i p\u0159esn\u011bji zac\u00edlen\u00e1 (elektronick\u00e1) reklama na \u017e\u00e1ky nejen dev\u00e1t\u00fdch ro\u010dn\u00edk\u016f, ale ji\u017e t\u011bch ni\u017e\u0161\u00edch&#13; &#13; \u00b7 na elektronick\u00e9 reklam\u011b by se m\u011bly pod\u00edlet samotn\u00e9 \u0161koly a \u0161kolsk\u00e1 za\u0159\u00edzen\u00ed spole\u010dn\u011b se soci\u00e1ln\u00edmi partnery, tedy potencion\u00e1ln\u00edmi zam\u011bstnavateli. Zde vid\u00edm nezastupitelnou roli a z\u00e1rove\u0148 rezervy p\u0159edev\u0161\u00edm vzd\u011bl\u00e1vac\u00ed instituce, kter\u00e1, pokud chce, aby obor vzd\u011bl\u00e1n\u00ed (elektrik\u00e1\u0159) na jejich \u0161kole byl \u017e\u00e1dan\u00fd, mus\u00ed oslovovat zam\u011bstnavatele a z\u00edskat je na svoji stranu. Jej\u00ed nab\u00eddka t\u00edm bude podpo\u0159ena dal\u0161\u00edmi mo\u017en\u00fdmi benefity, stane se oproti ostatn\u00edm zaj\u00edmav\u011bj\u0161\u00ed.&#13; &#13; \u00b7 nejd\u016fle\u017eit\u011bj\u0161\u00ed kladnou zpr\u00e1vou na konec p\u0159\u00edsp\u011bvku budou bezesporu statistick\u00e1 data, ze kter\u00fdch jasn\u011b vypl\u00fdv\u00e1, \u017ee p\u0159ib\u00fdv\u00e1 \u017e\u00e1k\u016f z\u00e1kladn\u00edch \u0161kol&#13;                                                                                                                                                                                                                                                                                                                                                                                         4\/5 - (8 votes)        "},{"@context":"https:\/\/schema.org\/","@type":"BreadcrumbList","itemListElement":[{"@type":"ListItem","position":1,"name":"Nedostatek \u0159emesln\u00edk\u016f \u2013 elektrik\u00e1\u0159\u016f","item":"https:\/\/www.finstra.cz\/nedostatek-remeslniku-elektrikaru\/#breadcrumbitem"}]}]