[{"@context":"https:\/\/schema.org\/","@type":"Article","@id":"https:\/\/www.finstra.cz\/povleceni-na-postel\/#Article","mainEntityOfPage":"https:\/\/www.finstra.cz\/povleceni-na-postel\/","headline":"Povle\u010den\u00ed na postel","name":"Povle\u010den\u00ed na postel","description":"P\u0159em\u00fd\u0161leli se n\u011bkdy nad t\u00edm, kolik \u010dasu str\u00e1v\u00edte v posteli? Pokud ano, ur\u010dit\u011b je v\u00e1m jasn\u00e9, \u017ee krom\u011b kvalitn\u00ed postele a matrace, byste m\u011bli v\u011bnovat dostate\u010dnou pozornost tak\u00e9 povle\u010den\u00ed na postel. Je to opravdu d\u016fle\u017eit\u00e9, kdy\u017e si uv\u011bdom\u00edte, \u017ee v lo\u017enici a p\u0159edev\u0161\u00edm v posteli tr\u00e1v\u00edte t\u00e9m\u011b\u0159 t\u0159etinu dne. Je jasn\u00e9, \u017ee krom\u011b spr\u00e1vn\u00e9ho rozm\u011bru,...","datePublished":"2025-03-05","dateModified":"2025-03-05","author":{"@type":"Person","@id":"https:\/\/www.finstra.cz\/author\/#Person","name":"","url":"https:\/\/www.finstra.cz\/author\/","identifier":1,"image":{"@type":"ImageObject","@id":"https:\/\/secure.gravatar.com\/avatar\/b72fc1bf1bf254b4118ef99c1da35a199f5a8e7c33c2166eae92618994df57ea?s=96&d=mm&r=g","url":"https:\/\/secure.gravatar.com\/avatar\/b72fc1bf1bf254b4118ef99c1da35a199f5a8e7c33c2166eae92618994df57ea?s=96&d=mm&r=g","height":96,"width":96}},"publisher":{"@type":"Organization","name":"finstra.cz","logo":{"@type":"ImageObject","@id":"\/logo.png","url":"\/logo.png","width":600,"height":60}},"url":"https:\/\/www.finstra.cz\/povleceni-na-postel\/","wordCount":175,"articleBody":"P\u0159em\u00fd\u0161leli se n\u011bkdy nad t\u00edm, kolik \u010dasu str\u00e1v\u00edte v posteli? Pokud ano, ur\u010dit\u011b je v\u00e1m jasn\u00e9, \u017ee krom\u011b kvalitn\u00ed postele a matrace, byste m\u011bli v\u011bnovat dostate\u010dnou pozornost tak\u00e9 povle\u010den\u00ed na postel. Je to opravdu d\u016fle\u017eit\u00e9, kdy\u017e si uv\u011bdom\u00edte, \u017ee v lo\u017enici a p\u0159edev\u0161\u00edm v posteli tr\u00e1v\u00edte t\u00e9m\u011b\u0159 t\u0159etinu dne.Je jasn\u00e9, \u017ee krom\u011b spr\u00e1vn\u00e9ho rozm\u011bru, kter\u00fd m\u016f\u017ee b\u00fdt v prodlou\u017een\u00e9 d\u00e9lce pro lidi vy\u0161\u0161\u00ed, je nejd\u016fle\u017eit\u011bj\u0161\u00edm krit\u00e9riem pro v\u00fdb\u011br spr\u00e1vn\u00e9ho kvalitn\u00edho povle\u010den\u00ed na postel materi\u00e1lov\u00e9 slo\u017een\u00ed tohoto povle\u010den\u00ed.N\u00e1\u0161 internetov\u00fd obchod &#8211; va\u0161e kr\u00e1sn\u00e9 span\u00ed!D\u00e1 se \u0159\u00edci, \u017ee v posledn\u00ed dob\u011b op\u011bt v\u00edt\u011bz\u00ed klasick\u00e9 bavln\u011bn\u00e9 povle\u010den\u00ed na postel, ale mnoh\u00e9 lo\u017enice zdob\u00ed i bavln\u011bn\u00fd sat\u00e9n, kter\u00fd je velmi p\u0159\u00edjemn\u00fd k poko\u017ece a nav\u00edc je dokonale hygienick\u00fd.                                                                                                                                                                                                                                                                                                                                                                                        3\/5 - (1 vote)        "},{"@context":"https:\/\/schema.org\/","@type":"BreadcrumbList","itemListElement":[{"@type":"ListItem","position":1,"name":"Povle\u010den\u00ed na postel","item":"https:\/\/www.finstra.cz\/povleceni-na-postel\/#breadcrumbitem"}]}]