[{"@context":"https:\/\/schema.org\/","@type":"Article","@id":"https:\/\/www.finstra.cz\/sijeme-teplakovou-soupravu-na-miru\/#Article","mainEntityOfPage":"https:\/\/www.finstra.cz\/sijeme-teplakovou-soupravu-na-miru\/","headline":"\u0160ijeme tepl\u00e1kovou soupravu na m\u00edru","name":"\u0160ijeme tepl\u00e1kovou soupravu na m\u00edru","description":"Tepl\u00e1ky a tepl\u00e1kov\u00e9 soupravy jsou b\u011b\u017enou sou\u010d\u00e1st\u00ed textiln\u00ed v\u00fdroby. Chcete-li si n\u011bjak\u00e9 po\u0159\u00eddit, mus\u00edte se pod\u0159\u00eddit vkusu m\u00f3dn\u00edch n\u00e1vrh\u00e1\u0159\u016f a n\u011bkdy tak\u00e9 konfek\u010dn\u00edm velikostem. K nakupov\u00e1n\u00ed tepl\u00e1k\u016f se pak mohou v\u00e1zat r\u016fzn\u00e9 nep\u0159\u00edjemnosti, jako je nep\u0159\u00edli\u0161 kvalitn\u00ed materi\u00e1l \u010di nevhodn\u00fd st\u0159ih a velikost, kter\u00e1 v\u00e1m prost\u011b nepadne. Co s t\u00edm? Ne\u017eli j\u00edt cestou kompromisu a...","datePublished":"2025-06-09","dateModified":"2025-06-09","author":{"@type":"Person","@id":"https:\/\/www.finstra.cz\/author\/#Person","name":"","url":"https:\/\/www.finstra.cz\/author\/","identifier":1,"image":{"@type":"ImageObject","@id":"https:\/\/secure.gravatar.com\/avatar\/b72fc1bf1bf254b4118ef99c1da35a199f5a8e7c33c2166eae92618994df57ea?s=96&d=mm&r=g","url":"https:\/\/secure.gravatar.com\/avatar\/b72fc1bf1bf254b4118ef99c1da35a199f5a8e7c33c2166eae92618994df57ea?s=96&d=mm&r=g","height":96,"width":96}},"publisher":{"@type":"Organization","name":"finstra.cz","logo":{"@type":"ImageObject","@id":"\/logo.png","url":"\/logo.png","width":600,"height":60}},"image":{"@type":"ImageObject","@id":"https:\/\/www.finstra.cz\/wp-content\/uploads\/woman-5941896_640_2.jpg","url":"https:\/\/www.finstra.cz\/wp-content\/uploads\/woman-5941896_640_2.jpg","height":0,"width":0},"url":"https:\/\/www.finstra.cz\/sijeme-teplakovou-soupravu-na-miru\/","about":["V\u00fdrobky"],"wordCount":420,"articleBody":"   Tepl\u00e1ky a tepl\u00e1kov\u00e9 soupravy jsou b\u011b\u017enou sou\u010d\u00e1st\u00ed textiln\u00ed v\u00fdroby. Chcete-li si n\u011bjak\u00e9 po\u0159\u00eddit, mus\u00edte se pod\u0159\u00eddit vkusu m\u00f3dn\u00edch n\u00e1vrh\u00e1\u0159\u016f a n\u011bkdy tak\u00e9 konfek\u010dn\u00edm velikostem. K nakupov\u00e1n\u00ed tepl\u00e1k\u016f se pak mohou v\u00e1zat r\u016fzn\u00e9 nep\u0159\u00edjemnosti, jako je nep\u0159\u00edli\u0161 kvalitn\u00ed materi\u00e1l \u010di nevhodn\u00fd st\u0159ih a velikost, kter\u00e1 v\u00e1m prost\u011b nepadne. Co s t\u00edm? Ne\u017eli j\u00edt cestou kompromisu a m\u00edt doma volno\u010dasov\u00e9 oble\u010den\u00ed, kter\u00e9 obl\u00e9k\u00e1te pouze jako kompromis, a co v\u00e1m prost\u011b nesedne, je v\u00fdhodn\u011bj\u0161\u00ed u\u0161\u00edt si tepl\u00e1ky sami. Sta\u010d\u00ed vybrat vhodnou l\u00e1tku a m\u00edt pot\u0159ebn\u00fd st\u0159ih, co v\u00e1m vyhovuje, a pak u\u017e sta\u010d\u00ed jen obkreslit a vyst\u0159ihnout l\u00e1tku a m\u016f\u017eete za\u010d\u00edt s \u0161it\u00edm. \u0160ikovn\u00e1 \u0161vadlena zvl\u00e1dne u\u0161\u00edt tepl\u00e1kovou soupravu b\u011bhem jednoho ve\u010dera a m\u016f\u017eete se t\u011b\u0161it s kr\u00e1sn\u00e9ho v\u00fdrobku, co v\u00e1m je akor\u00e1t, net\u00fdk\u00e1 se v\u00e1s \u017e\u00e1dn\u00fd \u00fastupek a pot\u0159ebujete-li m\u00edt v pase tepl\u00e1ky upnut\u00e9 podle pot\u0159eby, na\u0161ijete do pasu pru\u017eenku a spolu s n\u00ed i stahovac\u00ed tkani\u010dku. V\u00fdsledek bude perfektn\u00ed \u2013 tepl\u00e1ky pro relax i sport, pro ch\u016fzi v dom\u011b, na zahrad\u011b, v p\u0159\u00edrod\u011b a n\u011bkdy i v zam\u011bstn\u00e1n\u00ed, bude v\u00e1m vyhovovat jejich barva i vzor a budete m\u00edt pot\u0159ebnou d\u00e9lku nohavic a\u017e pod kotn\u00edky, nebo nad kotn\u00edky \u010di t\u0159\u00ed\u010dtvrte\u010dn\u00ed nebo i krat\u0161\u00ed d\u00e9lky. Spole\u010dn\u011b s tepl\u00e1ky lze u\u0161\u00edt i py\u017eamo, kde je pohodl\u00ed snad je\u0161t\u011b d\u016fle\u017eit\u011bj\u0161\u00ed ukazatel. Py\u017eama se \u0161ij\u00ed v\u00edce jednodu\u0161e, proto\u017ee nem\u00edvaj\u00ed \u017e\u00e1dn\u00e9 kapsy a v pase obvykle sta\u010d\u00ed pouze pru\u017eenka, ani\u017e byste tu m\u011bli stahovac\u00ed \u0161\u0148\u016frku. Py\u017eama tak\u00e9 mohou m\u00edt i krat\u0161\u00ed d\u00e9lku, jsou-li ur\u010dena pro letn\u00ed obdob\u00ed. U py\u017eam si tak\u00e9 m\u016f\u017eete dovolit neform\u00e1ln\u00ed st\u0159ih i vzor l\u00e1tky, je to p\u0159ece jen vysloven\u011b dom\u00e1c\u00ed oble\u010den\u00ed, ov\u0161em pokud p\u0159edpokl\u00e1d\u00e1te, \u017ee se s py\u017eamem vyprav\u00edte na py\u017eamov\u00fd ples, pak se vyplat\u00ed zvolit trochu atraktivn\u011bj\u0161\u00ed tkaninu a nam\u00edsto bavlny s\u00e1hnout nap\u0159\u00edklad po v\u00fdrazn\u011b zbarven\u00e9m sat\u00e9nu v barv\u00e1ch tyrkysov\u00e9, fialov\u00e9, r\u016f\u017eov\u00e9 \u010di \u010derven\u00e9.                                                                                                                                                                                                                                                                                                                                                                                          4.5\/5 - (8 votes)        "},{"@context":"https:\/\/schema.org\/","@type":"BreadcrumbList","itemListElement":[{"@type":"ListItem","position":1,"name":"\u0160ijeme tepl\u00e1kovou soupravu na m\u00edru","item":"https:\/\/www.finstra.cz\/sijeme-teplakovou-soupravu-na-miru\/#breadcrumbitem"}]}]